{"@context":"https:\/\/schema.org\/","@type":"CollectionPage","@id":"https:\/\/www.rentos.sk\/business\/#CollectionPage","headline":"Business Category","description":"","url":"https:\/\/www.rentos.sk\/business\/","hasPart":[{"@type":"Article","@id":"https:\/\/www.rentos.sk\/masaz-moze-byt-aj-uvolnujuca\/","headline":"Mas\u00e1\u017e m\u00f4\u017ee by\u0165 aj uvo\u013e\u0148uj\u00faca","url":"https:\/\/www.rentos.sk\/masaz-moze-byt-aj-uvolnujuca\/","datePublished":"2025-03-15","dateModified":"2025-03-15","mainEntityOfPage":"https:\/\/www.rentos.sk\/masaz-moze-byt-aj-uvolnujuca\/","author":{"@type":"Person","@id":"https:\/\/www.rentos.sk\/author\/#Person","name":"","url":"https:\/\/www.rentos.sk\/author\/","identifier":1,"image":{"@type":"ImageObject","@id":"https:\/\/secure.gravatar.com\/avatar\/80bc9a30a8183589d38927f3b57d5a9aa763777ca2942415b346d54d020a9840?s=96&d=mm&r=g","url":"https:\/\/secure.gravatar.com\/avatar\/80bc9a30a8183589d38927f3b57d5a9aa763777ca2942415b346d54d020a9840?s=96&d=mm&r=g","height":96,"width":96}},"publisher":{"@type":"Organization","name":"rentos.sk","logo":{"@type":"ImageObject","@id":"\/logo.png","url":"\/logo.png","width":600,"height":60}},"image":{"@type":"ImageObject","@id":"https:\/\/www.rentos.sk\/wp-content\/uploads\/massage-1929064_640_10_3.jpg","url":"https:\/\/www.rentos.sk\/wp-content\/uploads\/massage-1929064_640_10_3.jpg","height":0,"width":0},"keywords":null},{"@type":"Article","@id":"https:\/\/www.rentos.sk\/chcete-zazit-uplne-iny-rozmer-masaze\/","headline":"Chcete za\u017ei\u0165 \u00faplne in\u00fd rozmer mas\u00e1\u017ee?","url":"https:\/\/www.rentos.sk\/chcete-zazit-uplne-iny-rozmer-masaze\/","datePublished":"2025-01-10","dateModified":"2025-01-10","mainEntityOfPage":"https:\/\/www.rentos.sk\/chcete-zazit-uplne-iny-rozmer-masaze\/","author":{"@type":"Person","@id":"https:\/\/www.rentos.sk\/author\/#Person","name":"","url":"https:\/\/www.rentos.sk\/author\/","identifier":1,"image":{"@type":"ImageObject","@id":"https:\/\/secure.gravatar.com\/avatar\/80bc9a30a8183589d38927f3b57d5a9aa763777ca2942415b346d54d020a9840?s=96&d=mm&r=g","url":"https:\/\/secure.gravatar.com\/avatar\/80bc9a30a8183589d38927f3b57d5a9aa763777ca2942415b346d54d020a9840?s=96&d=mm&r=g","height":96,"width":96}},"publisher":{"@type":"Organization","name":"rentos.sk","logo":{"@type":"ImageObject","@id":"\/logo.png","url":"\/logo.png","width":600,"height":60}},"image":{"@type":"ImageObject","@id":"https:\/\/www.rentos.sk\/wp-content\/uploads\/5_10_10_10_1.jpg","url":"https:\/\/www.rentos.sk\/wp-content\/uploads\/5_10_10_10_1.jpg","height":0,"width":0},"keywords":null},{"@type":"Article","@id":"https:\/\/www.rentos.sk\/auto-na-poziadanie\/","headline":"Auto na po\u017eiadanie","url":"https:\/\/www.rentos.sk\/auto-na-poziadanie\/","datePublished":"2024-12-20","dateModified":"2024-12-20","mainEntityOfPage":"https:\/\/www.rentos.sk\/auto-na-poziadanie\/","author":{"@type":"Person","@id":"https:\/\/www.rentos.sk\/author\/#Person","name":"","url":"https:\/\/www.rentos.sk\/author\/","identifier":1,"image":{"@type":"ImageObject","@id":"https:\/\/secure.gravatar.com\/avatar\/80bc9a30a8183589d38927f3b57d5a9aa763777ca2942415b346d54d020a9840?s=96&d=mm&r=g","url":"https:\/\/secure.gravatar.com\/avatar\/80bc9a30a8183589d38927f3b57d5a9aa763777ca2942415b346d54d020a9840?s=96&d=mm&r=g","height":96,"width":96}},"publisher":{"@type":"Organization","name":"rentos.sk","logo":{"@type":"ImageObject","@id":"\/logo.png","url":"\/logo.png","width":600,"height":60}},"image":{"@type":"ImageObject","@id":"https:\/\/www.rentos.sk\/wp-content\/uploads\/istockphoto-1385613132-612x612.jpg","url":"https:\/\/www.rentos.sk\/wp-content\/uploads\/istockphoto-1385613132-612x612.jpg","height":0,"width":0},"keywords":null},{"@type":"Article","@id":"https:\/\/www.rentos.sk\/najerotickejsia-masaz\/","headline":"Najerotickej\u0161ia mas\u00e1\u017e","url":"https:\/\/www.rentos.sk\/najerotickejsia-masaz\/","datePublished":"2024-11-30","dateModified":"2024-11-30","mainEntityOfPage":"https:\/\/www.rentos.sk\/najerotickejsia-masaz\/","author":{"@type":"Person","@id":"https:\/\/www.rentos.sk\/author\/#Person","name":"","url":"https:\/\/www.rentos.sk\/author\/","identifier":1,"image":{"@type":"ImageObject","@id":"https:\/\/secure.gravatar.com\/avatar\/80bc9a30a8183589d38927f3b57d5a9aa763777ca2942415b346d54d020a9840?s=96&d=mm&r=g","url":"https:\/\/secure.gravatar.com\/avatar\/80bc9a30a8183589d38927f3b57d5a9aa763777ca2942415b346d54d020a9840?s=96&d=mm&r=g","height":96,"width":96}},"publisher":{"@type":"Organization","name":"rentos.sk","logo":{"@type":"ImageObject","@id":"\/logo.png","url":"\/logo.png","width":600,"height":60}},"image":{"@type":"ImageObject","@id":"https:\/\/www.rentos.sk\/wp-content\/uploads\/couple-4877039_640_10_2.jpg","url":"https:\/\/www.rentos.sk\/wp-content\/uploads\/couple-4877039_640_10_2.jpg","height":0,"width":0},"keywords":null},{"@type":"Article","@id":"https:\/\/www.rentos.sk\/komfortna-cesta-na-letisko\/","headline":"Komfortn\u00e1 cesta na letisko","url":"https:\/\/www.rentos.sk\/komfortna-cesta-na-letisko\/","datePublished":"2024-11-10","dateModified":"2024-11-10","mainEntityOfPage":"https:\/\/www.rentos.sk\/komfortna-cesta-na-letisko\/","author":{"@type":"Person","@id":"https:\/\/www.rentos.sk\/author\/#Person","name":"","url":"https:\/\/www.rentos.sk\/author\/","identifier":1,"image":{"@type":"ImageObject","@id":"https:\/\/secure.gravatar.com\/avatar\/80bc9a30a8183589d38927f3b57d5a9aa763777ca2942415b346d54d020a9840?s=96&d=mm&r=g","url":"https:\/\/secure.gravatar.com\/avatar\/80bc9a30a8183589d38927f3b57d5a9aa763777ca2942415b346d54d020a9840?s=96&d=mm&r=g","height":96,"width":96}},"publisher":{"@type":"Organization","name":"rentos.sk","logo":{"@type":"ImageObject","@id":"\/logo.png","url":"\/logo.png","width":600,"height":60}},"image":{"@type":"ImageObject","@id":"https:\/\/www.rentos.sk\/wp-content\/uploads\/istockphoto-1161578650-612x612_1.jpg","url":"https:\/\/www.rentos.sk\/wp-content\/uploads\/istockphoto-1161578650-612x612_1.jpg","height":0,"width":0},"keywords":null},{"@type":"Article","@id":"https:\/\/www.rentos.sk\/kedy-je-potrebna-zmluva-o-preprave\/","headline":"Kedy je potrebn\u00e1 zmluva o preprave","url":"https:\/\/www.rentos.sk\/kedy-je-potrebna-zmluva-o-preprave\/","datePublished":"2024-10-11","dateModified":"2024-10-11","mainEntityOfPage":"https:\/\/www.rentos.sk\/kedy-je-potrebna-zmluva-o-preprave\/","author":{"@type":"Person","@id":"https:\/\/www.rentos.sk\/author\/#Person","name":"","url":"https:\/\/www.rentos.sk\/author\/","identifier":1,"image":{"@type":"ImageObject","@id":"https:\/\/secure.gravatar.com\/avatar\/80bc9a30a8183589d38927f3b57d5a9aa763777ca2942415b346d54d020a9840?s=96&d=mm&r=g","url":"https:\/\/secure.gravatar.com\/avatar\/80bc9a30a8183589d38927f3b57d5a9aa763777ca2942415b346d54d020a9840?s=96&d=mm&r=g","height":96,"width":96}},"publisher":{"@type":"Organization","name":"rentos.sk","logo":{"@type":"ImageObject","@id":"\/logo.png","url":"\/logo.png","width":600,"height":60}},"image":{"@type":"ImageObject","@id":"https:\/\/www.rentos.sk\/wp-content\/uploads\/podpis_8.jpg","url":"https:\/\/www.rentos.sk\/wp-content\/uploads\/podpis_8.jpg","height":0,"width":0},"keywords":null},{"@type":"Article","@id":"https:\/\/www.rentos.sk\/podraz-od-mojho-chlapca\/","headline":"Podraz od m\u00f4jho chlapca","url":"https:\/\/www.rentos.sk\/podraz-od-mojho-chlapca\/","datePublished":"2024-10-04","dateModified":"2024-10-04","mainEntityOfPage":"https:\/\/www.rentos.sk\/podraz-od-mojho-chlapca\/","author":{"@type":"Person","@id":"https:\/\/www.rentos.sk\/author\/#Person","name":"","url":"https:\/\/www.rentos.sk\/author\/","identifier":1,"image":{"@type":"ImageObject","@id":"https:\/\/secure.gravatar.com\/avatar\/80bc9a30a8183589d38927f3b57d5a9aa763777ca2942415b346d54d020a9840?s=96&d=mm&r=g","url":"https:\/\/secure.gravatar.com\/avatar\/80bc9a30a8183589d38927f3b57d5a9aa763777ca2942415b346d54d020a9840?s=96&d=mm&r=g","height":96,"width":96}},"publisher":{"@type":"Organization","name":"rentos.sk","logo":{"@type":"ImageObject","@id":"\/logo.png","url":"\/logo.png","width":600,"height":60}},"image":{"@type":"ImageObject","@id":"https:\/\/www.rentos.sk\/wp-content\/uploads\/people-2594745_640_3.jpg","url":"https:\/\/www.rentos.sk\/wp-content\/uploads\/people-2594745_640_3.jpg","height":0,"width":0},"keywords":null},{"@type":"Article","@id":"https:\/\/www.rentos.sk\/koberce-sa-doma-peru-alebo-cistia-dost-tazko-s-tym-si-poradi-profesionalna-firma\/","headline":"Koberce sa doma per\u00fa alebo \u010distia dos\u0165 \u0165a\u017eko, s t\u00fdm si porad\u00ed profesion\u00e1lna firma","url":"https:\/\/www.rentos.sk\/koberce-sa-doma-peru-alebo-cistia-dost-tazko-s-tym-si-poradi-profesionalna-firma\/","datePublished":"2024-09-14","dateModified":"2024-09-14","mainEntityOfPage":"https:\/\/www.rentos.sk\/koberce-sa-doma-peru-alebo-cistia-dost-tazko-s-tym-si-poradi-profesionalna-firma\/","author":{"@type":"Person","@id":"https:\/\/www.rentos.sk\/author\/#Person","name":"","url":"https:\/\/www.rentos.sk\/author\/","identifier":1,"image":{"@type":"ImageObject","@id":"https:\/\/secure.gravatar.com\/avatar\/80bc9a30a8183589d38927f3b57d5a9aa763777ca2942415b346d54d020a9840?s=96&d=mm&r=g","url":"https:\/\/secure.gravatar.com\/avatar\/80bc9a30a8183589d38927f3b57d5a9aa763777ca2942415b346d54d020a9840?s=96&d=mm&r=g","height":96,"width":96}},"publisher":{"@type":"Organization","name":"rentos.sk","logo":{"@type":"ImageObject","@id":"\/logo.png","url":"\/logo.png","width":600,"height":60}},"image":{"@type":"ImageObject","@id":"https:\/\/www.rentos.sk\/wp-content\/uploads\/koberec.jpg","url":"https:\/\/www.rentos.sk\/wp-content\/uploads\/koberec.jpg","height":0,"width":0},"keywords":null}]}